{"id":19396,"date":"2024-04-25T12:25:14","date_gmt":"2024-04-25T10:25:14","guid":{"rendered":"https:\/\/www.icrea.cat\/narcis-monturiol-awards-2024\/"},"modified":"2025-02-24T16:08:26","modified_gmt":"2025-02-24T15:08:26","slug":"narcis-monturiol-awards-2024","status":"publish","type":"post","link":"https:\/\/www.icrea.cat\/ca\/narcis-monturiol-awards-2024\/","title":{"rendered":"Guardons Narc\u00eds Monturiol 2024"},"content":{"rendered":"\n<p><strong>Anna Alberni<\/strong> (UB), <strong>Marta Reynal-Querol <\/strong>(UPF), <strong>Emilio Palomares<\/strong> (ICIQ) i <strong>Gustavo Slafer<\/strong> (UdL) han rebut la Medalla Narc\u00eds Monturiol 2024. Els Guardons Narc\u00eds Monturiol s\u00f3n el reconeixement del Govern de la Generalitat a les persones i les institucions que fan i promouen la recerca a Catalunya. <\/p>\n\n<p>More information in this <a href=\"https:\/\/recercaiuniversitats.gencat.cat\/ca\/01_departament_recerca_i_universitats\/premis_i_reconeixements\/guardons_narcis_monturiol\/\">link<\/a><\/p>\n\n<div class=\"wp-block-columns is-layout-flex wp-container-core-columns-is-layout-28f84493 wp-block-columns-is-layout-flex\">\n<div class=\"wp-block-column is-layout-flow wp-block-column-is-layout-flow\">\n<div class=\"wp-block-cover has-custom-content-position is-position-bottom-center\"><span aria-hidden=\"true\" class=\"wp-block-cover__background has-background-dim\" style=\"background-color:#444444\"><\/span><img fetchpriority=\"high\" decoding=\"async\" width=\"698\" height=\"696\" class=\"wp-block-cover__image-background wp-image-21155\" alt=\"\" src=\"https:\/\/www.icrea.cat\/wp-content\/uploads\/2024\/04\/Alberni_fc_280122_7888_premis-1.webp\" data-object-fit=\"cover\" srcset=\"https:\/\/www.icrea.cat\/wp-content\/uploads\/2024\/04\/Alberni_fc_280122_7888_premis-1.webp 698w, https:\/\/www.icrea.cat\/wp-content\/uploads\/2024\/04\/Alberni_fc_280122_7888_premis-1-300x300.webp 300w, https:\/\/www.icrea.cat\/wp-content\/uploads\/2024\/04\/Alberni_fc_280122_7888_premis-1-150x150.webp 150w\" sizes=\"(max-width: 698px) 100vw, 698px\" \/><div class=\"wp-block-cover__inner-container is-layout-flow wp-block-cover-is-layout-flow\">\n<p class=\"has-text-align-center has-large-font-size\"><a href=\"https:\/\/www.icrea.cat\/ca\/comunitat\/icreas\/icreas-fitxa\/\">Anna Alberni<\/a><\/p>\n<\/div><\/div>\n<\/div>\n\n\n\n<div class=\"wp-block-column is-layout-flow wp-block-column-is-layout-flow\">\n<div class=\"wp-block-cover has-custom-content-position is-position-bottom-center\"><span aria-hidden=\"true\" class=\"wp-block-cover__background has-background-dim\" style=\"background-color:#4e4e4e\"><\/span><img decoding=\"async\" width=\"704\" height=\"698\" class=\"wp-block-cover__image-background wp-image-21149\" alt=\"\" src=\"https:\/\/www.icrea.cat\/wp-content\/uploads\/2024\/04\/Reynal-Querol-Marta_Web_fc_160715_7985_premis-1.webp\" data-object-fit=\"cover\" srcset=\"https:\/\/www.icrea.cat\/wp-content\/uploads\/2024\/04\/Reynal-Querol-Marta_Web_fc_160715_7985_premis-1.webp 704w, https:\/\/www.icrea.cat\/wp-content\/uploads\/2024\/04\/Reynal-Querol-Marta_Web_fc_160715_7985_premis-1-300x297.webp 300w, https:\/\/www.icrea.cat\/wp-content\/uploads\/2024\/04\/Reynal-Querol-Marta_Web_fc_160715_7985_premis-1-150x150.webp 150w\" sizes=\"(max-width: 704px) 100vw, 704px\" \/><div class=\"wp-block-cover__inner-container is-layout-flow wp-block-cover-is-layout-flow\">\n<p class=\"has-text-align-center has-large-font-size\"><a href=\"https:\/\/www.icrea.cat\/ca\/comunitat\/icreas\/icreas-fitxa\/\">Marta Reynal-Querol<\/a><\/p>\n<\/div><\/div>\n<\/div>\n<\/div>\n\n<div class=\"wp-block-columns is-layout-flex wp-container-core-columns-is-layout-28f84493 wp-block-columns-is-layout-flex\">\n<div class=\"wp-block-column is-layout-flow wp-block-column-is-layout-flow\">\n<div class=\"wp-block-cover has-custom-content-position is-position-bottom-center\"><span aria-hidden=\"true\" class=\"wp-block-cover__background has-background-dim\" style=\"background-color:#5b5b5b\"><\/span><img decoding=\"async\" width=\"1017\" height=\"1047\" class=\"wp-block-cover__image-background wp-image-21152\" alt=\"\" src=\"https:\/\/www.icrea.cat\/wp-content\/uploads\/2024\/04\/Palomares-Emilio_2022_premis.webp\" data-object-fit=\"cover\" srcset=\"https:\/\/www.icrea.cat\/wp-content\/uploads\/2024\/04\/Palomares-Emilio_2022_premis.webp 1017w, https:\/\/www.icrea.cat\/wp-content\/uploads\/2024\/04\/Palomares-Emilio_2022_premis-291x300.webp 291w, https:\/\/www.icrea.cat\/wp-content\/uploads\/2024\/04\/Palomares-Emilio_2022_premis-995x1024.webp 995w, https:\/\/www.icrea.cat\/wp-content\/uploads\/2024\/04\/Palomares-Emilio_2022_premis-768x791.webp 768w\" sizes=\"(max-width: 1017px) 100vw, 1017px\" \/><div class=\"wp-block-cover__inner-container is-layout-flow wp-block-cover-is-layout-flow\">\n<p class=\"has-text-align-center has-large-font-size\"><a href=\"https:\/\/www.icrea.cat\/ca\/comunitat\/icreas\/icreas-fitxa\/\">Emilio Palomares<\/a><\/p>\n<\/div><\/div>\n<\/div>\n\n\n\n<div class=\"wp-block-column is-layout-flow wp-block-column-is-layout-flow\">\n<div class=\"wp-block-cover is-light has-custom-content-position is-position-bottom-center\"><span aria-hidden=\"true\" class=\"wp-block-cover__background has-background-dim\" style=\"background-color:#888888\"><\/span><img loading=\"lazy\" decoding=\"async\" width=\"358\" height=\"354\" class=\"wp-block-cover__image-background wp-image-21143\" alt=\"\" src=\"https:\/\/www.icrea.cat\/wp-content\/uploads\/2024\/04\/Slafer-Gustavo_WEB_premis.jpg\" data-object-fit=\"cover\" srcset=\"https:\/\/www.icrea.cat\/wp-content\/uploads\/2024\/04\/Slafer-Gustavo_WEB_premis.jpg 358w, https:\/\/www.icrea.cat\/wp-content\/uploads\/2024\/04\/Slafer-Gustavo_WEB_premis-300x297.jpg 300w\" sizes=\"(max-width: 358px) 100vw, 358px\" \/><div class=\"wp-block-cover__inner-container is-layout-flow wp-block-cover-is-layout-flow\">\n<p class=\"has-text-align-center has-large-font-size\"><a href=\"https:\/\/www.icrea.cat\/ca\/comunitat\/icreas\/icreas-fitxa\/\">Gustavo Slafer<\/a><\/p>\n<\/div><\/div>\n<\/div>\n<\/div>\n","protected":false},"excerpt":{"rendered":"<p>Anna Alberni (UB), Marta Reynal-Querol (UPF), Emilio Palomares (ICIQ) i Gustavo Slafer (UdL) han rebut la Medalla Narc\u00eds Monturiol 2024. Els Guardons Narc\u00eds Monturiol s\u00f3n el reconeixement del Govern de la Generalitat a les persones i les institucions que fan i promouen la recerca a Catalunya. More information in this link<\/p>\n","protected":false},"author":1,"featured_media":22669,"comment_status":"open","ping_status":"closed","sticky":false,"template":"","format":"standard","meta":{"_acf_changed":false,"footnotes":""},"categories":[57,70],"tags":[],"class_list":["post-19396","post","type-post","status-publish","format-standard","has-post-thumbnail","hentry","category-noticies","category-awards-ca"],"acf":[],"yoast_head":"<!-- This site is optimized with the Yoast SEO plugin v27.5 - https:\/\/yoast.com\/product\/yoast-seo-wordpress\/ -->\n<title>Guardons Narc\u00eds Monturiol 2024 - ICREA<\/title>\n<meta name=\"robots\" content=\"index, follow, max-snippet:-1, max-image-preview:large, max-video-preview:-1\" \/>\n<link rel=\"canonical\" href=\"https:\/\/www.icrea.cat\/ca\/narcis-monturiol-awards-2024\/\" \/>\n<meta property=\"og:locale\" content=\"ca_ES\" \/>\n<meta property=\"og:type\" content=\"article\" \/>\n<meta property=\"og:title\" content=\"Guardons Narc\u00eds Monturiol 2024 - ICREA\" \/>\n<meta property=\"og:description\" content=\"Anna Alberni (UB), Marta Reynal-Querol (UPF), Emilio Palomares (ICIQ) i Gustavo Slafer (UdL) han rebut la Medalla Narc\u00eds Monturiol 2024. Els Guardons Narc\u00eds Monturiol s\u00f3n el reconeixement del Govern de la Generalitat a les persones i les institucions que fan i promouen la recerca a Catalunya. More information in this link\" \/>\n<meta property=\"og:url\" content=\"https:\/\/www.icrea.cat\/ca\/narcis-monturiol-awards-2024\/\" \/>\n<meta property=\"og:site_name\" content=\"ICREA\" \/>\n<meta property=\"article:published_time\" content=\"2024-04-25T10:25:14+00:00\" \/>\n<meta property=\"article:modified_time\" content=\"2025-02-24T15:08:26+00:00\" \/>\n<meta property=\"og:image\" content=\"https:\/\/www.icrea.cat\/wp-content\/uploads\/2024\/04\/1995-narcis-monturiol-25-ecu-catalunya-plata.jpg\" \/>\n\t<meta property=\"og:image:width\" content=\"162\" \/>\n\t<meta property=\"og:image:height\" content=\"176\" \/>\n\t<meta property=\"og:image:type\" content=\"image\/jpeg\" \/>\n<meta name=\"author\" content=\"g0d_studi0g3n3sis\" \/>\n<meta name=\"twitter:card\" content=\"summary_large_image\" \/>\n<meta name=\"twitter:label1\" content=\"Escrit per\" \/>\n\t<meta name=\"twitter:data1\" content=\"g0d_studi0g3n3sis\" \/>\n\t<meta name=\"twitter:label2\" content=\"Temps estimat de lectura\" \/>\n\t<meta name=\"twitter:data2\" content=\"1 minut\" \/>\n<script type=\"application\/ld+json\" class=\"yoast-schema-graph\">{\"@context\":\"https:\\\/\\\/schema.org\",\"@graph\":[{\"@type\":\"Article\",\"@id\":\"https:\\\/\\\/www.icrea.cat\\\/ca\\\/narcis-monturiol-awards-2024\\\/#article\",\"isPartOf\":{\"@id\":\"https:\\\/\\\/www.icrea.cat\\\/ca\\\/narcis-monturiol-awards-2024\\\/\"},\"author\":{\"name\":\"g0d_studi0g3n3sis\",\"@id\":\"https:\\\/\\\/www.icrea.cat\\\/#\\\/schema\\\/person\\\/5befdf17ec5ad4cd649653a724308305\"},\"headline\":\"Guardons Narc\u00eds Monturiol 2024\",\"datePublished\":\"2024-04-25T10:25:14+00:00\",\"dateModified\":\"2025-02-24T15:08:26+00:00\",\"mainEntityOfPage\":{\"@id\":\"https:\\\/\\\/www.icrea.cat\\\/ca\\\/narcis-monturiol-awards-2024\\\/\"},\"wordCount\":65,\"commentCount\":0,\"publisher\":{\"@id\":\"https:\\\/\\\/www.icrea.cat\\\/#organization\"},\"image\":{\"@id\":\"https:\\\/\\\/www.icrea.cat\\\/ca\\\/narcis-monturiol-awards-2024\\\/#primaryimage\"},\"thumbnailUrl\":\"https:\\\/\\\/www.icrea.cat\\\/wp-content\\\/uploads\\\/2024\\\/04\\\/1995-narcis-monturiol-25-ecu-catalunya-plata.jpg\",\"articleSection\":[\"Not\u00edcies\",\"Premis\"],\"inLanguage\":\"ca\",\"potentialAction\":[{\"@type\":\"CommentAction\",\"name\":\"Comment\",\"target\":[\"https:\\\/\\\/www.icrea.cat\\\/ca\\\/narcis-monturiol-awards-2024\\\/#respond\"]}]},{\"@type\":\"WebPage\",\"@id\":\"https:\\\/\\\/www.icrea.cat\\\/ca\\\/narcis-monturiol-awards-2024\\\/\",\"url\":\"https:\\\/\\\/www.icrea.cat\\\/ca\\\/narcis-monturiol-awards-2024\\\/\",\"name\":\"Guardons Narc\u00eds Monturiol 2024 - ICREA\",\"isPartOf\":{\"@id\":\"https:\\\/\\\/www.icrea.cat\\\/#website\"},\"primaryImageOfPage\":{\"@id\":\"https:\\\/\\\/www.icrea.cat\\\/ca\\\/narcis-monturiol-awards-2024\\\/#primaryimage\"},\"image\":{\"@id\":\"https:\\\/\\\/www.icrea.cat\\\/ca\\\/narcis-monturiol-awards-2024\\\/#primaryimage\"},\"thumbnailUrl\":\"https:\\\/\\\/www.icrea.cat\\\/wp-content\\\/uploads\\\/2024\\\/04\\\/1995-narcis-monturiol-25-ecu-catalunya-plata.jpg\",\"datePublished\":\"2024-04-25T10:25:14+00:00\",\"dateModified\":\"2025-02-24T15:08:26+00:00\",\"breadcrumb\":{\"@id\":\"https:\\\/\\\/www.icrea.cat\\\/ca\\\/narcis-monturiol-awards-2024\\\/#breadcrumb\"},\"inLanguage\":\"ca\",\"potentialAction\":[{\"@type\":\"ReadAction\",\"target\":[\"https:\\\/\\\/www.icrea.cat\\\/ca\\\/narcis-monturiol-awards-2024\\\/\"]}]},{\"@type\":\"ImageObject\",\"inLanguage\":\"ca\",\"@id\":\"https:\\\/\\\/www.icrea.cat\\\/ca\\\/narcis-monturiol-awards-2024\\\/#primaryimage\",\"url\":\"https:\\\/\\\/www.icrea.cat\\\/wp-content\\\/uploads\\\/2024\\\/04\\\/1995-narcis-monturiol-25-ecu-catalunya-plata.jpg\",\"contentUrl\":\"https:\\\/\\\/www.icrea.cat\\\/wp-content\\\/uploads\\\/2024\\\/04\\\/1995-narcis-monturiol-25-ecu-catalunya-plata.jpg\",\"width\":162,\"height\":176},{\"@type\":\"BreadcrumbList\",\"@id\":\"https:\\\/\\\/www.icrea.cat\\\/ca\\\/narcis-monturiol-awards-2024\\\/#breadcrumb\",\"itemListElement\":[{\"@type\":\"ListItem\",\"position\":1,\"name\":\"Home\",\"item\":\"https:\\\/\\\/www.icrea.cat\\\/ca\\\/\"},{\"@type\":\"ListItem\",\"position\":2,\"name\":\"Guardons Narc\u00eds Monturiol 2024\"}]},{\"@type\":\"WebSite\",\"@id\":\"https:\\\/\\\/www.icrea.cat\\\/#website\",\"url\":\"https:\\\/\\\/www.icrea.cat\\\/\",\"name\":\"ICREA\",\"description\":\"\",\"publisher\":{\"@id\":\"https:\\\/\\\/www.icrea.cat\\\/#organization\"},\"potentialAction\":[{\"@type\":\"SearchAction\",\"target\":{\"@type\":\"EntryPoint\",\"urlTemplate\":\"https:\\\/\\\/www.icrea.cat\\\/?s={search_term_string}\"},\"query-input\":{\"@type\":\"PropertyValueSpecification\",\"valueRequired\":true,\"valueName\":\"search_term_string\"}}],\"inLanguage\":\"ca\"},{\"@type\":\"Organization\",\"@id\":\"https:\\\/\\\/www.icrea.cat\\\/#organization\",\"name\":\"ICREA\",\"url\":\"https:\\\/\\\/www.icrea.cat\\\/\",\"logo\":{\"@type\":\"ImageObject\",\"inLanguage\":\"ca\",\"@id\":\"https:\\\/\\\/www.icrea.cat\\\/#\\\/schema\\\/logo\\\/image\\\/\",\"url\":\"https:\\\/\\\/www.icrea.cat\\\/wp-content\\\/uploads\\\/2025\\\/01\\\/cropped-logo-icrea-claim-white.png\",\"contentUrl\":\"https:\\\/\\\/www.icrea.cat\\\/wp-content\\\/uploads\\\/2025\\\/01\\\/cropped-logo-icrea-claim-white.png\",\"width\":1658,\"height\":709,\"caption\":\"ICREA\"},\"image\":{\"@id\":\"https:\\\/\\\/www.icrea.cat\\\/#\\\/schema\\\/logo\\\/image\\\/\"}},{\"@type\":\"Person\",\"@id\":\"https:\\\/\\\/www.icrea.cat\\\/#\\\/schema\\\/person\\\/5befdf17ec5ad4cd649653a724308305\",\"name\":\"g0d_studi0g3n3sis\",\"image\":{\"@type\":\"ImageObject\",\"inLanguage\":\"ca\",\"@id\":\"https:\\\/\\\/secure.gravatar.com\\\/avatar\\\/cd25a443b0b4914bd329e4ac131ee5565813bc540e4f718b12694f28fbfec02e?s=96&d=mm&r=g\",\"url\":\"https:\\\/\\\/secure.gravatar.com\\\/avatar\\\/cd25a443b0b4914bd329e4ac131ee5565813bc540e4f718b12694f28fbfec02e?s=96&d=mm&r=g\",\"contentUrl\":\"https:\\\/\\\/secure.gravatar.com\\\/avatar\\\/cd25a443b0b4914bd329e4ac131ee5565813bc540e4f718b12694f28fbfec02e?s=96&d=mm&r=g\",\"caption\":\"g0d_studi0g3n3sis\"},\"sameAs\":[\"https:\\\/\\\/www.icrea.cat\"],\"url\":\"https:\\\/\\\/www.icrea.cat\\\/ca\\\/author\\\/g0d_studi0g3n3sis\\\/\"}]}<\/script>\n<!-- \/ Yoast SEO plugin. -->","yoast_head_json":{"title":"Guardons Narc\u00eds Monturiol 2024 - ICREA","robots":{"index":"index","follow":"follow","max-snippet":"max-snippet:-1","max-image-preview":"max-image-preview:large","max-video-preview":"max-video-preview:-1"},"canonical":"https:\/\/www.icrea.cat\/ca\/narcis-monturiol-awards-2024\/","og_locale":"ca_ES","og_type":"article","og_title":"Guardons Narc\u00eds Monturiol 2024 - ICREA","og_description":"Anna Alberni (UB), Marta Reynal-Querol (UPF), Emilio Palomares (ICIQ) i Gustavo Slafer (UdL) han rebut la Medalla Narc\u00eds Monturiol 2024. Els Guardons Narc\u00eds Monturiol s\u00f3n el reconeixement del Govern de la Generalitat a les persones i les institucions que fan i promouen la recerca a Catalunya. More information in this link","og_url":"https:\/\/www.icrea.cat\/ca\/narcis-monturiol-awards-2024\/","og_site_name":"ICREA","article_published_time":"2024-04-25T10:25:14+00:00","article_modified_time":"2025-02-24T15:08:26+00:00","og_image":[{"width":162,"height":176,"url":"https:\/\/www.icrea.cat\/wp-content\/uploads\/2024\/04\/1995-narcis-monturiol-25-ecu-catalunya-plata.jpg","type":"image\/jpeg"}],"author":"g0d_studi0g3n3sis","twitter_card":"summary_large_image","twitter_misc":{"Escrit per":"g0d_studi0g3n3sis","Temps estimat de lectura":"1 minut"},"schema":{"@context":"https:\/\/schema.org","@graph":[{"@type":"Article","@id":"https:\/\/www.icrea.cat\/ca\/narcis-monturiol-awards-2024\/#article","isPartOf":{"@id":"https:\/\/www.icrea.cat\/ca\/narcis-monturiol-awards-2024\/"},"author":{"name":"g0d_studi0g3n3sis","@id":"https:\/\/www.icrea.cat\/#\/schema\/person\/5befdf17ec5ad4cd649653a724308305"},"headline":"Guardons Narc\u00eds Monturiol 2024","datePublished":"2024-04-25T10:25:14+00:00","dateModified":"2025-02-24T15:08:26+00:00","mainEntityOfPage":{"@id":"https:\/\/www.icrea.cat\/ca\/narcis-monturiol-awards-2024\/"},"wordCount":65,"commentCount":0,"publisher":{"@id":"https:\/\/www.icrea.cat\/#organization"},"image":{"@id":"https:\/\/www.icrea.cat\/ca\/narcis-monturiol-awards-2024\/#primaryimage"},"thumbnailUrl":"https:\/\/www.icrea.cat\/wp-content\/uploads\/2024\/04\/1995-narcis-monturiol-25-ecu-catalunya-plata.jpg","articleSection":["Not\u00edcies","Premis"],"inLanguage":"ca","potentialAction":[{"@type":"CommentAction","name":"Comment","target":["https:\/\/www.icrea.cat\/ca\/narcis-monturiol-awards-2024\/#respond"]}]},{"@type":"WebPage","@id":"https:\/\/www.icrea.cat\/ca\/narcis-monturiol-awards-2024\/","url":"https:\/\/www.icrea.cat\/ca\/narcis-monturiol-awards-2024\/","name":"Guardons Narc\u00eds Monturiol 2024 - ICREA","isPartOf":{"@id":"https:\/\/www.icrea.cat\/#website"},"primaryImageOfPage":{"@id":"https:\/\/www.icrea.cat\/ca\/narcis-monturiol-awards-2024\/#primaryimage"},"image":{"@id":"https:\/\/www.icrea.cat\/ca\/narcis-monturiol-awards-2024\/#primaryimage"},"thumbnailUrl":"https:\/\/www.icrea.cat\/wp-content\/uploads\/2024\/04\/1995-narcis-monturiol-25-ecu-catalunya-plata.jpg","datePublished":"2024-04-25T10:25:14+00:00","dateModified":"2025-02-24T15:08:26+00:00","breadcrumb":{"@id":"https:\/\/www.icrea.cat\/ca\/narcis-monturiol-awards-2024\/#breadcrumb"},"inLanguage":"ca","potentialAction":[{"@type":"ReadAction","target":["https:\/\/www.icrea.cat\/ca\/narcis-monturiol-awards-2024\/"]}]},{"@type":"ImageObject","inLanguage":"ca","@id":"https:\/\/www.icrea.cat\/ca\/narcis-monturiol-awards-2024\/#primaryimage","url":"https:\/\/www.icrea.cat\/wp-content\/uploads\/2024\/04\/1995-narcis-monturiol-25-ecu-catalunya-plata.jpg","contentUrl":"https:\/\/www.icrea.cat\/wp-content\/uploads\/2024\/04\/1995-narcis-monturiol-25-ecu-catalunya-plata.jpg","width":162,"height":176},{"@type":"BreadcrumbList","@id":"https:\/\/www.icrea.cat\/ca\/narcis-monturiol-awards-2024\/#breadcrumb","itemListElement":[{"@type":"ListItem","position":1,"name":"Home","item":"https:\/\/www.icrea.cat\/ca\/"},{"@type":"ListItem","position":2,"name":"Guardons Narc\u00eds Monturiol 2024"}]},{"@type":"WebSite","@id":"https:\/\/www.icrea.cat\/#website","url":"https:\/\/www.icrea.cat\/","name":"ICREA","description":"","publisher":{"@id":"https:\/\/www.icrea.cat\/#organization"},"potentialAction":[{"@type":"SearchAction","target":{"@type":"EntryPoint","urlTemplate":"https:\/\/www.icrea.cat\/?s={search_term_string}"},"query-input":{"@type":"PropertyValueSpecification","valueRequired":true,"valueName":"search_term_string"}}],"inLanguage":"ca"},{"@type":"Organization","@id":"https:\/\/www.icrea.cat\/#organization","name":"ICREA","url":"https:\/\/www.icrea.cat\/","logo":{"@type":"ImageObject","inLanguage":"ca","@id":"https:\/\/www.icrea.cat\/#\/schema\/logo\/image\/","url":"https:\/\/www.icrea.cat\/wp-content\/uploads\/2025\/01\/cropped-logo-icrea-claim-white.png","contentUrl":"https:\/\/www.icrea.cat\/wp-content\/uploads\/2025\/01\/cropped-logo-icrea-claim-white.png","width":1658,"height":709,"caption":"ICREA"},"image":{"@id":"https:\/\/www.icrea.cat\/#\/schema\/logo\/image\/"}},{"@type":"Person","@id":"https:\/\/www.icrea.cat\/#\/schema\/person\/5befdf17ec5ad4cd649653a724308305","name":"g0d_studi0g3n3sis","image":{"@type":"ImageObject","inLanguage":"ca","@id":"https:\/\/secure.gravatar.com\/avatar\/cd25a443b0b4914bd329e4ac131ee5565813bc540e4f718b12694f28fbfec02e?s=96&d=mm&r=g","url":"https:\/\/secure.gravatar.com\/avatar\/cd25a443b0b4914bd329e4ac131ee5565813bc540e4f718b12694f28fbfec02e?s=96&d=mm&r=g","contentUrl":"https:\/\/secure.gravatar.com\/avatar\/cd25a443b0b4914bd329e4ac131ee5565813bc540e4f718b12694f28fbfec02e?s=96&d=mm&r=g","caption":"g0d_studi0g3n3sis"},"sameAs":["https:\/\/www.icrea.cat"],"url":"https:\/\/www.icrea.cat\/ca\/author\/g0d_studi0g3n3sis\/"}]}},"_links":{"self":[{"href":"https:\/\/www.icrea.cat\/ca\/wp-json\/wp\/v2\/posts\/19396","targetHints":{"allow":["GET"]}}],"collection":[{"href":"https:\/\/www.icrea.cat\/ca\/wp-json\/wp\/v2\/posts"}],"about":[{"href":"https:\/\/www.icrea.cat\/ca\/wp-json\/wp\/v2\/types\/post"}],"author":[{"embeddable":true,"href":"https:\/\/www.icrea.cat\/ca\/wp-json\/wp\/v2\/users\/1"}],"replies":[{"embeddable":true,"href":"https:\/\/www.icrea.cat\/ca\/wp-json\/wp\/v2\/comments?post=19396"}],"version-history":[{"count":5,"href":"https:\/\/www.icrea.cat\/ca\/wp-json\/wp\/v2\/posts\/19396\/revisions"}],"predecessor-version":[{"id":21191,"href":"https:\/\/www.icrea.cat\/ca\/wp-json\/wp\/v2\/posts\/19396\/revisions\/21191"}],"wp:featuredmedia":[{"embeddable":true,"href":"https:\/\/www.icrea.cat\/ca\/wp-json\/wp\/v2\/media\/22669"}],"wp:attachment":[{"href":"https:\/\/www.icrea.cat\/ca\/wp-json\/wp\/v2\/media?parent=19396"}],"wp:term":[{"taxonomy":"category","embeddable":true,"href":"https:\/\/www.icrea.cat\/ca\/wp-json\/wp\/v2\/categories?post=19396"},{"taxonomy":"post_tag","embeddable":true,"href":"https:\/\/www.icrea.cat\/ca\/wp-json\/wp\/v2\/tags?post=19396"}],"curies":[{"name":"wp","href":"https:\/\/api.w.org\/{rel}","templated":true}]}}