{"id":18816,"date":"2015-12-16T00:00:00","date_gmt":"2015-12-15T23:00:00","guid":{"rendered":"https:\/\/www.icrea.cat\/el-festival-sud-de-poesia-tindra-lloc-els-dies-18-i-19-de-desembre-al-reial-cercle-artistic-de-barcelona\/"},"modified":"2015-12-16T00:00:00","modified_gmt":"2015-12-15T23:00:00","slug":"el-festival-sud-de-poesia-tindra-lloc-els-dies-18-i-19-de-desembre-al-reial-cercle-artistic-de-barcelona","status":"publish","type":"post","link":"https:\/\/www.icrea.cat\/ca\/el-festival-sud-de-poesia-tindra-lloc-els-dies-18-i-19-de-desembre-al-reial-cercle-artistic-de-barcelona\/","title":{"rendered":"El Festival SUD de Poesia tindr\u00e0 lloc els dies 18 i 19 de desembre al Reial Cercle Art\u00edstic de Barcelona"},"content":{"rendered":"<p>Aquest&nbsp;Festival&nbsp;\u00e9s un&nbsp;dels esdeveniments&nbsp;dins de les&nbsp;activitats&nbsp;de la <em>ERC Advanced grant <\/em>de&nbsp;Peter Wagner.<\/p>\n<p>Tindr\u00e0 lloc&nbsp;al Reial Cercle Art\u00edstic de Barcelona (Arcs 5,&nbsp;08002 &#8211;&nbsp;Barcelona)<\/p>\n<p><span>La <span>R<\/span><span>e<\/span>ce<span>r<\/span><span>c<\/span>a del<span> <\/span><span>S<\/span>ud <span>(<\/span><span>he<\/span>m<span> <\/span>pe<span>r<\/span>dut<span> <\/span>el <span>n<\/span>o<span>r<\/span>d)<\/span><\/p>\n<p>La primera edici\u00f3 del Festival Sud de Poesia aplega veus destacades i fresques en un \u00fanic flux de dos capvespres. Poemes curts i llargs, poemes emprenyats i alegres, interrogatiusnost\u00e0lgics, apor\u00e8tics, enigm\u00e0tics, poemes evocadors, bulliciosos, emancipadors, rebels i ir\u00f2nics&nbsp;seran&nbsp;llegits&nbsp;i&nbsp;desplegaran&nbsp;el&nbsp;seu&nbsp;ress\u00f2&nbsp;i&nbsp;ramificacions&nbsp;dins&nbsp;nostre.<\/p>\n<p>La Recerca del Sud (hem perdut el Nord); aquest \u00e9s el centre de la nostra trobada i el nucli des del&nbsp;qual&nbsp;es&nbsp;desenvolupen&nbsp;tots els&nbsp;poemes.<\/p>\n<p>La recerca del Sud es refereix a la recerca de l&#8217;imaginari del Sud. Es refereix a un Sud que \u00e9s l&#8217;objecte d&#8217;una persecuci\u00f3, un Sud que potser mai no ha estat abastat i, per tant, no \u00e9s un lloc o un espai f\u00edsic o geogr\u00e0fic determinat. Es tracta d\u2019un horitz\u00f3 imaginari, en el sentit que&nbsp;defineix&nbsp; &nbsp;un&nbsp; &nbsp;l\u00edmit,&nbsp; &nbsp;un(a)&nbsp; &nbsp;fi:&nbsp; &nbsp;el&nbsp; &nbsp;m\u00f3n,&nbsp; &nbsp;el&nbsp; &nbsp;viatge,&nbsp; &nbsp;la&nbsp; &nbsp;imaginaci\u00f3&nbsp; &nbsp;mateixa.<\/p>\n<p>En buscar el Sud se\u2019ns planteja necess\u00e0riament la q\u00fcesti\u00f3 del Nord. Aix\u00ed, utilitzant en el nostre t\u00edtol l&#8217;expressi\u00f3 &#8216;hem perdut el Nord&#8217; (que tamb\u00e9 existeix en castell\u00e0 i franc\u00e8s, i significa que &#8216;hem embogit&#8217;), volem subvertir el seu sentit i afirmar-lo positivament. Ens neguem a veure el Nord com el punt la p\u00e8rdua del qual condueix a perdre el cap&nbsp;o, de manera lleugerament&nbsp;diferent,&nbsp;considerem&nbsp;que&nbsp;la&nbsp;p\u00e8rdua&nbsp;(per&nbsp;extensi\u00f3,&nbsp;p\u00e8rdua d\u2019orientaci\u00f3, buit, forat) continguda en l\u2019imaginari del Sud \u00e9s una p\u00e8rdua a la qual val la pena&nbsp;fer&nbsp;refer\u00e8ncia&nbsp;i&nbsp;de&nbsp;la&nbsp;qual&nbsp;podem&nbsp;fer&nbsp;una&nbsp;refer\u00e8ncia.<\/p>\n<p>Informaci\u00f3 addicional a <a href=\"https:\/\/www.facebook.com\/festivalsuddepoesia2015\">https:\/\/www.facebook.com\/festivalsuddepoesia2015.<\/a><\/p>\n","protected":false},"excerpt":{"rendered":"<p>Aquest&nbsp;Festival&nbsp;\u00e9s un&nbsp;dels esdeveniments&nbsp;dins de les&nbsp;activitats&nbsp;de la ERC Advanced grant de&nbsp;Peter Wagner. Tindr\u00e0 lloc&nbsp;al Reial Cercle Art\u00edstic de Barcelona (Arcs 5,&nbsp;08002 &#8211;&nbsp;Barcelona) La Recerca del Sud (hem perdut el nord) La primera edici\u00f3 del Festival Sud de Poesia aplega veus destacades i fresques en un \u00fanic flux de dos capvespres. Poemes curts i llargs, poemes emprenyats [&hellip;]<\/p>\n","protected":false},"author":1,"featured_media":0,"comment_status":"open","ping_status":"closed","sticky":false,"template":"","format":"standard","meta":{"_acf_changed":false,"footnotes":""},"categories":[57],"tags":[],"class_list":["post-18816","post","type-post","status-publish","format-standard","hentry","category-noticies"],"acf":[],"yoast_head":"<!-- This site is optimized with the Yoast SEO plugin v27.5 - https:\/\/yoast.com\/product\/yoast-seo-wordpress\/ -->\n<title>El Festival SUD de Poesia tindr\u00e0 lloc els dies 18 i 19 de desembre al Reial Cercle Art\u00edstic de Barcelona - ICREA<\/title>\n<meta name=\"robots\" content=\"index, follow, max-snippet:-1, max-image-preview:large, max-video-preview:-1\" \/>\n<link rel=\"canonical\" href=\"https:\/\/www.icrea.cat\/ca\/el-festival-sud-de-poesia-tindra-lloc-els-dies-18-i-19-de-desembre-al-reial-cercle-artistic-de-barcelona\/\" \/>\n<meta property=\"og:locale\" content=\"ca_ES\" \/>\n<meta property=\"og:type\" content=\"article\" \/>\n<meta property=\"og:title\" content=\"El Festival SUD de Poesia tindr\u00e0 lloc els dies 18 i 19 de desembre al Reial Cercle Art\u00edstic de Barcelona - ICREA\" \/>\n<meta property=\"og:description\" content=\"Aquest&nbsp;Festival&nbsp;\u00e9s un&nbsp;dels esdeveniments&nbsp;dins de les&nbsp;activitats&nbsp;de la ERC Advanced grant de&nbsp;Peter Wagner. Tindr\u00e0 lloc&nbsp;al Reial Cercle Art\u00edstic de Barcelona (Arcs 5,&nbsp;08002 &#8211;&nbsp;Barcelona) La Recerca del Sud (hem perdut el nord) La primera edici\u00f3 del Festival Sud de Poesia aplega veus destacades i fresques en un \u00fanic flux de dos capvespres. Poemes curts i llargs, poemes emprenyats [&hellip;]\" \/>\n<meta property=\"og:url\" content=\"https:\/\/www.icrea.cat\/ca\/el-festival-sud-de-poesia-tindra-lloc-els-dies-18-i-19-de-desembre-al-reial-cercle-artistic-de-barcelona\/\" \/>\n<meta property=\"og:site_name\" content=\"ICREA\" \/>\n<meta property=\"article:published_time\" content=\"2015-12-15T23:00:00+00:00\" \/>\n<meta name=\"author\" content=\"g0d_studi0g3n3sis\" \/>\n<meta name=\"twitter:card\" content=\"summary_large_image\" \/>\n<meta name=\"twitter:label1\" content=\"Escrit per\" \/>\n\t<meta name=\"twitter:data1\" content=\"g0d_studi0g3n3sis\" \/>\n\t<meta name=\"twitter:label2\" content=\"Temps estimat de lectura\" \/>\n\t<meta name=\"twitter:data2\" content=\"2 minuts\" \/>\n<script type=\"application\/ld+json\" class=\"yoast-schema-graph\">{\"@context\":\"https:\\\/\\\/schema.org\",\"@graph\":[{\"@type\":\"Article\",\"@id\":\"https:\\\/\\\/www.icrea.cat\\\/ca\\\/el-festival-sud-de-poesia-tindra-lloc-els-dies-18-i-19-de-desembre-al-reial-cercle-artistic-de-barcelona\\\/#article\",\"isPartOf\":{\"@id\":\"https:\\\/\\\/www.icrea.cat\\\/ca\\\/el-festival-sud-de-poesia-tindra-lloc-els-dies-18-i-19-de-desembre-al-reial-cercle-artistic-de-barcelona\\\/\"},\"author\":{\"name\":\"g0d_studi0g3n3sis\",\"@id\":\"https:\\\/\\\/www.icrea.cat\\\/#\\\/schema\\\/person\\\/5befdf17ec5ad4cd649653a724308305\"},\"headline\":\"El Festival SUD de Poesia tindr\u00e0 lloc els dies 18 i 19 de desembre al Reial Cercle Art\u00edstic de Barcelona\",\"datePublished\":\"2015-12-15T23:00:00+00:00\",\"mainEntityOfPage\":{\"@id\":\"https:\\\/\\\/www.icrea.cat\\\/ca\\\/el-festival-sud-de-poesia-tindra-lloc-els-dies-18-i-19-de-desembre-al-reial-cercle-artistic-de-barcelona\\\/\"},\"wordCount\":404,\"commentCount\":0,\"publisher\":{\"@id\":\"https:\\\/\\\/www.icrea.cat\\\/#organization\"},\"articleSection\":[\"Not\u00edcies\"],\"inLanguage\":\"ca\",\"potentialAction\":[{\"@type\":\"CommentAction\",\"name\":\"Comment\",\"target\":[\"https:\\\/\\\/www.icrea.cat\\\/ca\\\/el-festival-sud-de-poesia-tindra-lloc-els-dies-18-i-19-de-desembre-al-reial-cercle-artistic-de-barcelona\\\/#respond\"]}]},{\"@type\":\"WebPage\",\"@id\":\"https:\\\/\\\/www.icrea.cat\\\/ca\\\/el-festival-sud-de-poesia-tindra-lloc-els-dies-18-i-19-de-desembre-al-reial-cercle-artistic-de-barcelona\\\/\",\"url\":\"https:\\\/\\\/www.icrea.cat\\\/ca\\\/el-festival-sud-de-poesia-tindra-lloc-els-dies-18-i-19-de-desembre-al-reial-cercle-artistic-de-barcelona\\\/\",\"name\":\"El Festival SUD de Poesia tindr\u00e0 lloc els dies 18 i 19 de desembre al Reial Cercle Art\u00edstic de Barcelona - ICREA\",\"isPartOf\":{\"@id\":\"https:\\\/\\\/www.icrea.cat\\\/#website\"},\"datePublished\":\"2015-12-15T23:00:00+00:00\",\"breadcrumb\":{\"@id\":\"https:\\\/\\\/www.icrea.cat\\\/ca\\\/el-festival-sud-de-poesia-tindra-lloc-els-dies-18-i-19-de-desembre-al-reial-cercle-artistic-de-barcelona\\\/#breadcrumb\"},\"inLanguage\":\"ca\",\"potentialAction\":[{\"@type\":\"ReadAction\",\"target\":[\"https:\\\/\\\/www.icrea.cat\\\/ca\\\/el-festival-sud-de-poesia-tindra-lloc-els-dies-18-i-19-de-desembre-al-reial-cercle-artistic-de-barcelona\\\/\"]}]},{\"@type\":\"BreadcrumbList\",\"@id\":\"https:\\\/\\\/www.icrea.cat\\\/ca\\\/el-festival-sud-de-poesia-tindra-lloc-els-dies-18-i-19-de-desembre-al-reial-cercle-artistic-de-barcelona\\\/#breadcrumb\",\"itemListElement\":[{\"@type\":\"ListItem\",\"position\":1,\"name\":\"Home\",\"item\":\"https:\\\/\\\/www.icrea.cat\\\/ca\\\/\"},{\"@type\":\"ListItem\",\"position\":2,\"name\":\"El Festival SUD de Poesia tindr\u00e0 lloc els dies 18 i 19 de desembre al Reial Cercle Art\u00edstic de Barcelona\"}]},{\"@type\":\"WebSite\",\"@id\":\"https:\\\/\\\/www.icrea.cat\\\/#website\",\"url\":\"https:\\\/\\\/www.icrea.cat\\\/\",\"name\":\"ICREA\",\"description\":\"\",\"publisher\":{\"@id\":\"https:\\\/\\\/www.icrea.cat\\\/#organization\"},\"potentialAction\":[{\"@type\":\"SearchAction\",\"target\":{\"@type\":\"EntryPoint\",\"urlTemplate\":\"https:\\\/\\\/www.icrea.cat\\\/?s={search_term_string}\"},\"query-input\":{\"@type\":\"PropertyValueSpecification\",\"valueRequired\":true,\"valueName\":\"search_term_string\"}}],\"inLanguage\":\"ca\"},{\"@type\":\"Organization\",\"@id\":\"https:\\\/\\\/www.icrea.cat\\\/#organization\",\"name\":\"ICREA\",\"url\":\"https:\\\/\\\/www.icrea.cat\\\/\",\"logo\":{\"@type\":\"ImageObject\",\"inLanguage\":\"ca\",\"@id\":\"https:\\\/\\\/www.icrea.cat\\\/#\\\/schema\\\/logo\\\/image\\\/\",\"url\":\"https:\\\/\\\/www.icrea.cat\\\/wp-content\\\/uploads\\\/2025\\\/01\\\/cropped-logo-icrea-claim-white.png\",\"contentUrl\":\"https:\\\/\\\/www.icrea.cat\\\/wp-content\\\/uploads\\\/2025\\\/01\\\/cropped-logo-icrea-claim-white.png\",\"width\":1658,\"height\":709,\"caption\":\"ICREA\"},\"image\":{\"@id\":\"https:\\\/\\\/www.icrea.cat\\\/#\\\/schema\\\/logo\\\/image\\\/\"}},{\"@type\":\"Person\",\"@id\":\"https:\\\/\\\/www.icrea.cat\\\/#\\\/schema\\\/person\\\/5befdf17ec5ad4cd649653a724308305\",\"name\":\"g0d_studi0g3n3sis\",\"image\":{\"@type\":\"ImageObject\",\"inLanguage\":\"ca\",\"@id\":\"https:\\\/\\\/secure.gravatar.com\\\/avatar\\\/cd25a443b0b4914bd329e4ac131ee5565813bc540e4f718b12694f28fbfec02e?s=96&d=mm&r=g\",\"url\":\"https:\\\/\\\/secure.gravatar.com\\\/avatar\\\/cd25a443b0b4914bd329e4ac131ee5565813bc540e4f718b12694f28fbfec02e?s=96&d=mm&r=g\",\"contentUrl\":\"https:\\\/\\\/secure.gravatar.com\\\/avatar\\\/cd25a443b0b4914bd329e4ac131ee5565813bc540e4f718b12694f28fbfec02e?s=96&d=mm&r=g\",\"caption\":\"g0d_studi0g3n3sis\"},\"sameAs\":[\"https:\\\/\\\/www.icrea.cat\"],\"url\":\"https:\\\/\\\/www.icrea.cat\\\/ca\\\/author\\\/g0d_studi0g3n3sis\\\/\"}]}<\/script>\n<!-- \/ Yoast SEO plugin. -->","yoast_head_json":{"title":"El Festival SUD de Poesia tindr\u00e0 lloc els dies 18 i 19 de desembre al Reial Cercle Art\u00edstic de Barcelona - ICREA","robots":{"index":"index","follow":"follow","max-snippet":"max-snippet:-1","max-image-preview":"max-image-preview:large","max-video-preview":"max-video-preview:-1"},"canonical":"https:\/\/www.icrea.cat\/ca\/el-festival-sud-de-poesia-tindra-lloc-els-dies-18-i-19-de-desembre-al-reial-cercle-artistic-de-barcelona\/","og_locale":"ca_ES","og_type":"article","og_title":"El Festival SUD de Poesia tindr\u00e0 lloc els dies 18 i 19 de desembre al Reial Cercle Art\u00edstic de Barcelona - ICREA","og_description":"Aquest&nbsp;Festival&nbsp;\u00e9s un&nbsp;dels esdeveniments&nbsp;dins de les&nbsp;activitats&nbsp;de la ERC Advanced grant de&nbsp;Peter Wagner. Tindr\u00e0 lloc&nbsp;al Reial Cercle Art\u00edstic de Barcelona (Arcs 5,&nbsp;08002 &#8211;&nbsp;Barcelona) La Recerca del Sud (hem perdut el nord) La primera edici\u00f3 del Festival Sud de Poesia aplega veus destacades i fresques en un \u00fanic flux de dos capvespres. Poemes curts i llargs, poemes emprenyats [&hellip;]","og_url":"https:\/\/www.icrea.cat\/ca\/el-festival-sud-de-poesia-tindra-lloc-els-dies-18-i-19-de-desembre-al-reial-cercle-artistic-de-barcelona\/","og_site_name":"ICREA","article_published_time":"2015-12-15T23:00:00+00:00","author":"g0d_studi0g3n3sis","twitter_card":"summary_large_image","twitter_misc":{"Escrit per":"g0d_studi0g3n3sis","Temps estimat de lectura":"2 minuts"},"schema":{"@context":"https:\/\/schema.org","@graph":[{"@type":"Article","@id":"https:\/\/www.icrea.cat\/ca\/el-festival-sud-de-poesia-tindra-lloc-els-dies-18-i-19-de-desembre-al-reial-cercle-artistic-de-barcelona\/#article","isPartOf":{"@id":"https:\/\/www.icrea.cat\/ca\/el-festival-sud-de-poesia-tindra-lloc-els-dies-18-i-19-de-desembre-al-reial-cercle-artistic-de-barcelona\/"},"author":{"name":"g0d_studi0g3n3sis","@id":"https:\/\/www.icrea.cat\/#\/schema\/person\/5befdf17ec5ad4cd649653a724308305"},"headline":"El Festival SUD de Poesia tindr\u00e0 lloc els dies 18 i 19 de desembre al Reial Cercle Art\u00edstic de Barcelona","datePublished":"2015-12-15T23:00:00+00:00","mainEntityOfPage":{"@id":"https:\/\/www.icrea.cat\/ca\/el-festival-sud-de-poesia-tindra-lloc-els-dies-18-i-19-de-desembre-al-reial-cercle-artistic-de-barcelona\/"},"wordCount":404,"commentCount":0,"publisher":{"@id":"https:\/\/www.icrea.cat\/#organization"},"articleSection":["Not\u00edcies"],"inLanguage":"ca","potentialAction":[{"@type":"CommentAction","name":"Comment","target":["https:\/\/www.icrea.cat\/ca\/el-festival-sud-de-poesia-tindra-lloc-els-dies-18-i-19-de-desembre-al-reial-cercle-artistic-de-barcelona\/#respond"]}]},{"@type":"WebPage","@id":"https:\/\/www.icrea.cat\/ca\/el-festival-sud-de-poesia-tindra-lloc-els-dies-18-i-19-de-desembre-al-reial-cercle-artistic-de-barcelona\/","url":"https:\/\/www.icrea.cat\/ca\/el-festival-sud-de-poesia-tindra-lloc-els-dies-18-i-19-de-desembre-al-reial-cercle-artistic-de-barcelona\/","name":"El Festival SUD de Poesia tindr\u00e0 lloc els dies 18 i 19 de desembre al Reial Cercle Art\u00edstic de Barcelona - ICREA","isPartOf":{"@id":"https:\/\/www.icrea.cat\/#website"},"datePublished":"2015-12-15T23:00:00+00:00","breadcrumb":{"@id":"https:\/\/www.icrea.cat\/ca\/el-festival-sud-de-poesia-tindra-lloc-els-dies-18-i-19-de-desembre-al-reial-cercle-artistic-de-barcelona\/#breadcrumb"},"inLanguage":"ca","potentialAction":[{"@type":"ReadAction","target":["https:\/\/www.icrea.cat\/ca\/el-festival-sud-de-poesia-tindra-lloc-els-dies-18-i-19-de-desembre-al-reial-cercle-artistic-de-barcelona\/"]}]},{"@type":"BreadcrumbList","@id":"https:\/\/www.icrea.cat\/ca\/el-festival-sud-de-poesia-tindra-lloc-els-dies-18-i-19-de-desembre-al-reial-cercle-artistic-de-barcelona\/#breadcrumb","itemListElement":[{"@type":"ListItem","position":1,"name":"Home","item":"https:\/\/www.icrea.cat\/ca\/"},{"@type":"ListItem","position":2,"name":"El Festival SUD de Poesia tindr\u00e0 lloc els dies 18 i 19 de desembre al Reial Cercle Art\u00edstic de Barcelona"}]},{"@type":"WebSite","@id":"https:\/\/www.icrea.cat\/#website","url":"https:\/\/www.icrea.cat\/","name":"ICREA","description":"","publisher":{"@id":"https:\/\/www.icrea.cat\/#organization"},"potentialAction":[{"@type":"SearchAction","target":{"@type":"EntryPoint","urlTemplate":"https:\/\/www.icrea.cat\/?s={search_term_string}"},"query-input":{"@type":"PropertyValueSpecification","valueRequired":true,"valueName":"search_term_string"}}],"inLanguage":"ca"},{"@type":"Organization","@id":"https:\/\/www.icrea.cat\/#organization","name":"ICREA","url":"https:\/\/www.icrea.cat\/","logo":{"@type":"ImageObject","inLanguage":"ca","@id":"https:\/\/www.icrea.cat\/#\/schema\/logo\/image\/","url":"https:\/\/www.icrea.cat\/wp-content\/uploads\/2025\/01\/cropped-logo-icrea-claim-white.png","contentUrl":"https:\/\/www.icrea.cat\/wp-content\/uploads\/2025\/01\/cropped-logo-icrea-claim-white.png","width":1658,"height":709,"caption":"ICREA"},"image":{"@id":"https:\/\/www.icrea.cat\/#\/schema\/logo\/image\/"}},{"@type":"Person","@id":"https:\/\/www.icrea.cat\/#\/schema\/person\/5befdf17ec5ad4cd649653a724308305","name":"g0d_studi0g3n3sis","image":{"@type":"ImageObject","inLanguage":"ca","@id":"https:\/\/secure.gravatar.com\/avatar\/cd25a443b0b4914bd329e4ac131ee5565813bc540e4f718b12694f28fbfec02e?s=96&d=mm&r=g","url":"https:\/\/secure.gravatar.com\/avatar\/cd25a443b0b4914bd329e4ac131ee5565813bc540e4f718b12694f28fbfec02e?s=96&d=mm&r=g","contentUrl":"https:\/\/secure.gravatar.com\/avatar\/cd25a443b0b4914bd329e4ac131ee5565813bc540e4f718b12694f28fbfec02e?s=96&d=mm&r=g","caption":"g0d_studi0g3n3sis"},"sameAs":["https:\/\/www.icrea.cat"],"url":"https:\/\/www.icrea.cat\/ca\/author\/g0d_studi0g3n3sis\/"}]}},"_links":{"self":[{"href":"https:\/\/www.icrea.cat\/ca\/wp-json\/wp\/v2\/posts\/18816","targetHints":{"allow":["GET"]}}],"collection":[{"href":"https:\/\/www.icrea.cat\/ca\/wp-json\/wp\/v2\/posts"}],"about":[{"href":"https:\/\/www.icrea.cat\/ca\/wp-json\/wp\/v2\/types\/post"}],"author":[{"embeddable":true,"href":"https:\/\/www.icrea.cat\/ca\/wp-json\/wp\/v2\/users\/1"}],"replies":[{"embeddable":true,"href":"https:\/\/www.icrea.cat\/ca\/wp-json\/wp\/v2\/comments?post=18816"}],"version-history":[{"count":0,"href":"https:\/\/www.icrea.cat\/ca\/wp-json\/wp\/v2\/posts\/18816\/revisions"}],"wp:attachment":[{"href":"https:\/\/www.icrea.cat\/ca\/wp-json\/wp\/v2\/media?parent=18816"}],"wp:term":[{"taxonomy":"category","embeddable":true,"href":"https:\/\/www.icrea.cat\/ca\/wp-json\/wp\/v2\/categories?post=18816"},{"taxonomy":"post_tag","embeddable":true,"href":"https:\/\/www.icrea.cat\/ca\/wp-json\/wp\/v2\/tags?post=18816"}],"curies":[{"name":"wp","href":"https:\/\/api.w.org\/{rel}","templated":true}]}}